{"id":418,"date":"2014-01-30T14:30:25","date_gmt":"2014-01-30T12:30:25","guid":{"rendered":"http:\/\/scoalavulcanbrasov.info\/?p=418"},"modified":"2014-02-01T09:32:08","modified_gmt":"2014-02-01T07:32:08","slug":"eminescu-poetul-nepereche","status":"publish","type":"post","link":"https:\/\/scoalavulcanbrasov.info\/?p=418","title":{"rendered":"Eminescu &#8211; poetul nepereche"},"content":{"rendered":"<p style=\"text-align: justify;\"><a href=\"https:\/\/scoalavulcanbrasov.info\/wp-content\/uploads\/2014\/01\/eminescu-nepereche.jpg\"><img loading=\"lazy\" decoding=\"async\" class=\"alignleft size-thumbnail wp-image-419\" alt=\"eminescu nepereche\" src=\"https:\/\/scoalavulcanbrasov.info\/wp-content\/uploads\/2014\/01\/eminescu-nepereche-150x150.jpg\" width=\"150\" height=\"150\" srcset=\"https:\/\/scoalavulcanbrasov.info\/wp-content\/uploads\/2014\/01\/eminescu-nepereche-150x150.jpg 150w, https:\/\/scoalavulcanbrasov.info\/wp-content\/uploads\/2014\/01\/eminescu-nepereche-48x48.jpg 48w\" sizes=\"auto, (max-width: 150px) 100vw, 150px\" \/><\/a>\u00cen data de 13.01.2014, s-a desf\u0103\u0219urat concursul de limba \u0219i literatura rom\u00e2n\u0103 cu tema &#8220;Eminescu \u2013 poetul nepereche&#8221;. Au participat elevi ai claselor a II-a \u0219i a III-a. Tematica a constat \u00een memorarea \u0219i recitarea unor poezii, \u00eentreb\u0103ri, rebus \u0219i puzzle din via\u021ba \u0219i opera marelui poet. Copiii s-au prezentat la \u00een\u0103l\u021bime dovad\u0103 fiind rezultatul str\u00e2ns al clasamentului final. Elevii c\u00e2\u0219tig\u0103tori vor fi premia\u021bi miercuri 15.01.2014 \u00een cadrul activit\u0103\u021bii de omagiere a poetului na\u021bional ce va avea loc la Prim\u0103ria din localitate.<\/p>\n<p style=\"text-align: justify;\">Galeria foto o pute\u021bi viziona : <a href=\"https:\/\/www.facebook.com\/media\/set\/?set=a.338740279597534.1073741852.308766629261566&amp;type=1\" target=\"_blank\"><span style=\"color: #ff0000;\"><strong>AICI<\/strong><\/span><\/a>!<\/p>\n","protected":false},"excerpt":{"rendered":"<p>\u00cen data de 13.01.2014, s-a desf\u0103\u0219urat concursul de limba \u0219i literatura rom\u00e2n\u0103 cu tema &#8220;Eminescu \u2013 poetul nepereche&#8221;. Au participat elevi ai claselor a II-a \u0219i a III-a. Tematica a [&hellip;]<\/p>\n","protected":false},"author":1,"featured_media":0,"comment_status":"closed","ping_status":"closed","sticky":false,"template":"","format":"standard","meta":{"footnotes":""},"categories":[1],"tags":[8,12,6,11,9,5,4,7],"class_list":["post-418","post","type-post","status-publish","format-standard","hentry","category-uncategorized","tag-brasov","tag-facebook","tag-gimnaziala","tag-invatamant","tag-romania","tag-scoala","tag-scoala-gimnaziala-vulcan","tag-vulcan","has_thumb"],"_links":{"self":[{"href":"https:\/\/scoalavulcanbrasov.info\/index.php?rest_route=\/wp\/v2\/posts\/418","targetHints":{"allow":["GET"]}}],"collection":[{"href":"https:\/\/scoalavulcanbrasov.info\/index.php?rest_route=\/wp\/v2\/posts"}],"about":[{"href":"https:\/\/scoalavulcanbrasov.info\/index.php?rest_route=\/wp\/v2\/types\/post"}],"author":[{"embeddable":true,"href":"https:\/\/scoalavulcanbrasov.info\/index.php?rest_route=\/wp\/v2\/users\/1"}],"replies":[{"embeddable":true,"href":"https:\/\/scoalavulcanbrasov.info\/index.php?rest_route=%2Fwp%2Fv2%2Fcomments&post=418"}],"version-history":[{"count":1,"href":"https:\/\/scoalavulcanbrasov.info\/index.php?rest_route=\/wp\/v2\/posts\/418\/revisions"}],"predecessor-version":[{"id":420,"href":"https:\/\/scoalavulcanbrasov.info\/index.php?rest_route=\/wp\/v2\/posts\/418\/revisions\/420"}],"wp:attachment":[{"href":"https:\/\/scoalavulcanbrasov.info\/index.php?rest_route=%2Fwp%2Fv2%2Fmedia&parent=418"}],"wp:term":[{"taxonomy":"category","embeddable":true,"href":"https:\/\/scoalavulcanbrasov.info\/index.php?rest_route=%2Fwp%2Fv2%2Fcategories&post=418"},{"taxonomy":"post_tag","embeddable":true,"href":"https:\/\/scoalavulcanbrasov.info\/index.php?rest_route=%2Fwp%2Fv2%2Ftags&post=418"}],"curies":[{"name":"wp","href":"https:\/\/api.w.org\/{rel}","templated":true}]}}