{"id":559,"date":"2014-02-21T12:37:44","date_gmt":"2014-02-21T10:37:44","guid":{"rendered":"http:\/\/scoalavulcanbrasov.info\/?p=559"},"modified":"2014-02-21T12:39:32","modified_gmt":"2014-02-21T10:39:32","slug":"ziua-portilor-deschise-2014-2","status":"publish","type":"post","link":"https:\/\/scoalavulcanbrasov.info\/?p=559","title":{"rendered":"Ziua Por\u021bilor Deschise 2014"},"content":{"rendered":"<p style=\"text-align: justify;\"><a href=\"https:\/\/scoalavulcanbrasov.info\/wp-content\/uploads\/2014\/02\/DSCF6341.jpg\"><img loading=\"lazy\" decoding=\"async\" class=\"alignleft size-thumbnail wp-image-560\" alt=\"DSCF6341\" src=\"https:\/\/scoalavulcanbrasov.info\/wp-content\/uploads\/2014\/02\/DSCF6341-150x150.jpg\" width=\"150\" height=\"150\" srcset=\"https:\/\/scoalavulcanbrasov.info\/wp-content\/uploads\/2014\/02\/DSCF6341-150x150.jpg 150w, https:\/\/scoalavulcanbrasov.info\/wp-content\/uploads\/2014\/02\/DSCF6341-48x48.jpg 48w\" sizes=\"auto, (max-width: 150px) 100vw, 150px\" \/><\/a>\u0218coala Gimnazial\u0103 Vulcan, reprezentat\u0103 de conducerea \u0219colii \u00een persoana domnului director Marius-Adrian DODA \u0219i a doamnei director adjunct Ani\u0219oara COL\u021aEA, a organizat \u00een data de 21.02.2014 \u201cZiua por\u021bilor deschise\u201d, zeci de oaspe\u021bi trec\u00e2nd pragul unit\u0103\u021bii pentru a vedea care sunt condi\u021biile de desf\u0103\u0219urare a clasei preg\u0103titoare.<\/p>\n<p style=\"text-align: justify;\">Au fost puse la dispozi\u021bia celor interesa\u021bi informa\u021bii referitoare la locul de desf\u0103\u0219urare a activit\u0103\u021bilor claselor preg\u0103titoare, la organizarea \u0219i dotarea spa\u021biului \u0219colar, activit\u0103\u021bi cu elevii etc. Gazdele au preg\u0103tit, pentru cei interesa\u021bi de oferta \u0219colii, pliante ce con\u021bin informa\u021bii privind \u00eenscrierea \u00een \u00eenv\u0103\u021b\u0103m\u00e2ntul primar, dar \u0219i informa\u021bii despre unitatea \u0219i activit\u0103\u021bile institu\u021biei.<\/p>\n<p style=\"text-align: justify;\">Feedbackul oaspe\u021bilor a fost unul pozitiv, viitorii \u0219colari integr\u00e2ndu-se cu succes \u00een mijlocul colegilor lor mai mari.<\/p>\n<p style=\"text-align: justify;\">Programul a \u00eenceput la ora 9.00 \u0219i s-a \u00eencheiat la ora 12.00. Cu bucurie, pre\u0219colarii de la grupele albinu\u021belor \u0219i flutura\u0219ilor au preg\u0103tit copiilor oaspe\u021bi c\u00e2teva surprize la care ei au r\u0103spuns foarte bine, \u00eemprietenindu-se \u0219i desf\u0103\u0219ur\u00e2nd activit\u0103\u021bi specifice v\u00e2rstei, \u00eempreun\u0103.<\/p>\n<p style=\"text-align: justify;\"><i>\u201dSper\u0103m ca \u00een toamn\u0103 pre\u0219colarii s\u0103 p\u0103\u0219easc\u0103 cu drag ca elevi ai \u0219colii noastre, cei mici au fost \u00eenc\u00e2nta\u021bi, atmosfera a fost una foarte pl\u0103cut\u0103, au f\u0103cut cuno\u0219tin\u021b\u0103 cu copiii din clasa zero, cu care au lucrat \u0219i cu care au desf\u0103\u0219urat diverse activit\u0103\u021bi\u201d<\/i>, au declarat doamnele profesor Mihaela Codleanu \u0219i Mihaela Gabrian.<\/p>\n<p style=\"text-align: justify;\">\u00a0Galeria foto a acestei activit\u0103\u021bi o pute\u021bi viziona d\u00e2nd click <a href=\"https:\/\/www.facebook.com\/media\/set\/?set=a.353384701466425.1073741862.308766629261566&amp;type=1\" target=\"_blank\"><span style=\"color: #ff0000; font-size: 16px;\"><strong>AICI<\/strong><\/span><\/a> !<\/p>\n","protected":false},"excerpt":{"rendered":"<p>\u0218coala Gimnazial\u0103 Vulcan, reprezentat\u0103 de conducerea \u0219colii \u00een persoana domnului director Marius-Adrian DODA \u0219i a doamnei director adjunct Ani\u0219oara COL\u021aEA, a organizat \u00een data de 21.02.2014 \u201cZiua por\u021bilor deschise\u201d, zeci [&hellip;]<\/p>\n","protected":false},"author":1,"featured_media":0,"comment_status":"closed","ping_status":"closed","sticky":false,"template":"","format":"standard","meta":{"footnotes":""},"categories":[1],"tags":[],"class_list":["post-559","post","type-post","status-publish","format-standard","hentry","category-uncategorized","has_thumb"],"_links":{"self":[{"href":"https:\/\/scoalavulcanbrasov.info\/index.php?rest_route=\/wp\/v2\/posts\/559","targetHints":{"allow":["GET"]}}],"collection":[{"href":"https:\/\/scoalavulcanbrasov.info\/index.php?rest_route=\/wp\/v2\/posts"}],"about":[{"href":"https:\/\/scoalavulcanbrasov.info\/index.php?rest_route=\/wp\/v2\/types\/post"}],"author":[{"embeddable":true,"href":"https:\/\/scoalavulcanbrasov.info\/index.php?rest_route=\/wp\/v2\/users\/1"}],"replies":[{"embeddable":true,"href":"https:\/\/scoalavulcanbrasov.info\/index.php?rest_route=%2Fwp%2Fv2%2Fcomments&post=559"}],"version-history":[{"count":3,"href":"https:\/\/scoalavulcanbrasov.info\/index.php?rest_route=\/wp\/v2\/posts\/559\/revisions"}],"predecessor-version":[{"id":563,"href":"https:\/\/scoalavulcanbrasov.info\/index.php?rest_route=\/wp\/v2\/posts\/559\/revisions\/563"}],"wp:attachment":[{"href":"https:\/\/scoalavulcanbrasov.info\/index.php?rest_route=%2Fwp%2Fv2%2Fmedia&parent=559"}],"wp:term":[{"taxonomy":"category","embeddable":true,"href":"https:\/\/scoalavulcanbrasov.info\/index.php?rest_route=%2Fwp%2Fv2%2Fcategories&post=559"},{"taxonomy":"post_tag","embeddable":true,"href":"https:\/\/scoalavulcanbrasov.info\/index.php?rest_route=%2Fwp%2Fv2%2Ftags&post=559"}],"curies":[{"name":"wp","href":"https:\/\/api.w.org\/{rel}","templated":true}]}}