{"id":763,"date":"2015-01-19T08:43:59","date_gmt":"2015-01-19T06:43:59","guid":{"rendered":"http:\/\/scoalavulcanbrasov.info\/?p=763"},"modified":"2015-01-26T10:43:22","modified_gmt":"2015-01-26T08:43:22","slug":"dor-de-eminescu-2","status":"publish","type":"post","link":"https:\/\/scoalavulcanbrasov.info\/?p=763","title":{"rendered":"Dor de Eminescu"},"content":{"rendered":"<p style=\"text-align: justify;\"><a href=\"https:\/\/scoalavulcanbrasov.info\/wp-content\/uploads\/2015\/01\/10929250_495756713895889_3121226934068476176_o.jpg\"><img loading=\"lazy\" decoding=\"async\" class=\"alignleft size-thumbnail wp-image-764\" alt=\"10929250_495756713895889_3121226934068476176_o\" src=\"https:\/\/scoalavulcanbrasov.info\/wp-content\/uploads\/2015\/01\/10929250_495756713895889_3121226934068476176_o-150x150.jpg\" width=\"150\" height=\"150\" srcset=\"https:\/\/scoalavulcanbrasov.info\/wp-content\/uploads\/2015\/01\/10929250_495756713895889_3121226934068476176_o-150x150.jpg 150w, https:\/\/scoalavulcanbrasov.info\/wp-content\/uploads\/2015\/01\/10929250_495756713895889_3121226934068476176_o-48x48.jpg 48w, https:\/\/scoalavulcanbrasov.info\/wp-content\/uploads\/2015\/01\/10929250_495756713895889_3121226934068476176_o-45x45.jpg 45w\" sizes=\"auto, (max-width: 150px) 100vw, 150px\" \/><\/a>15 ianuarie 2015 &#8230;. &#8220;Dor de Eminescu&#8221; &#8211; proiect educational desf\u0103\u0219urat cu prilejul s\u0103rb\u0103toririi a 165 de ani de la nasterea marelui pot Mihai Eminescu<br \/>\nAu participat \u00een cadrul proiectului SNAC, profesorii coordonatori Fagarasanu Roxana, Coltea Anisoara \u0219i Popa Luminita precum \u0219i elevii claselor a VI-a \u0219i a VII-a de la Scoala Gimnaziala Vulcan, in parteneriat cu SAM Codlea, profesori coordonatori Milea Melania, Lungoci Valentina impreuna cu elevii scolii.<br \/>\nS-au vizionat biografia si aspecte importante ale activitatii literare ale lui Eminescu intr-o prezentare ppt. S-a desfasurat un workshop constand intr-un colaj pe doua planse, cu imagini din viata lui Eminescu, s-au recitat poezii, iar feed-back-ul a fost asigurat la finalul activitatii cu completarea unei fise pe aceasta tem\u0103.<br \/>\nLa plecare s-au oferit diplome tuturor elevilor, iar cadrelor didactice pliante.<\/p>\n<p style=\"text-align: justify;\">Galeria foto a acestei activit\u0103\u021bi o pute\u021bi viziona : <a href=\"https:\/\/www.facebook.com\/media\/set\/?set=a.495756620562565.1073741891.308766629261566&amp;type=1\" target=\"_blank\"><span style=\"color: #ff0000;\"><strong>AICI<\/strong><\/span><\/a> !<\/p>\n","protected":false},"excerpt":{"rendered":"<p>15 ianuarie 2015 &#8230;. &#8220;Dor de Eminescu&#8221; &#8211; proiect educational desf\u0103\u0219urat cu prilejul s\u0103rb\u0103toririi a 165 de ani de la nasterea marelui pot Mihai Eminescu Au participat \u00een cadrul proiectului [&hellip;]<\/p>\n","protected":false},"author":1,"featured_media":0,"comment_status":"closed","ping_status":"closed","sticky":false,"template":"","format":"standard","meta":{"footnotes":""},"categories":[1],"tags":[],"class_list":["post-763","post","type-post","status-publish","format-standard","hentry","category-uncategorized","has_thumb"],"_links":{"self":[{"href":"https:\/\/scoalavulcanbrasov.info\/index.php?rest_route=\/wp\/v2\/posts\/763","targetHints":{"allow":["GET"]}}],"collection":[{"href":"https:\/\/scoalavulcanbrasov.info\/index.php?rest_route=\/wp\/v2\/posts"}],"about":[{"href":"https:\/\/scoalavulcanbrasov.info\/index.php?rest_route=\/wp\/v2\/types\/post"}],"author":[{"embeddable":true,"href":"https:\/\/scoalavulcanbrasov.info\/index.php?rest_route=\/wp\/v2\/users\/1"}],"replies":[{"embeddable":true,"href":"https:\/\/scoalavulcanbrasov.info\/index.php?rest_route=%2Fwp%2Fv2%2Fcomments&post=763"}],"version-history":[{"count":5,"href":"https:\/\/scoalavulcanbrasov.info\/index.php?rest_route=\/wp\/v2\/posts\/763\/revisions"}],"predecessor-version":[{"id":874,"href":"https:\/\/scoalavulcanbrasov.info\/index.php?rest_route=\/wp\/v2\/posts\/763\/revisions\/874"}],"wp:attachment":[{"href":"https:\/\/scoalavulcanbrasov.info\/index.php?rest_route=%2Fwp%2Fv2%2Fmedia&parent=763"}],"wp:term":[{"taxonomy":"category","embeddable":true,"href":"https:\/\/scoalavulcanbrasov.info\/index.php?rest_route=%2Fwp%2Fv2%2Fcategories&post=763"},{"taxonomy":"post_tag","embeddable":true,"href":"https:\/\/scoalavulcanbrasov.info\/index.php?rest_route=%2Fwp%2Fv2%2Ftags&post=763"}],"curies":[{"name":"wp","href":"https:\/\/api.w.org\/{rel}","templated":true}]}}