{"id":945,"date":"2015-02-11T09:50:21","date_gmt":"2015-02-11T07:50:21","guid":{"rendered":"http:\/\/scoalavulcanbrasov.info\/?p=945"},"modified":"2015-02-11T11:33:54","modified_gmt":"2015-02-11T09:33:54","slug":"incep-inscrierile-elevilor-pentru-clasa-pregatitoare","status":"publish","type":"post","link":"https:\/\/scoalavulcanbrasov.info\/?p=945","title":{"rendered":"Incep inscrierile elevilor \u00een \u00eenv\u0103\u021b\u0103m\u00e2ntul primar !"},"content":{"rendered":"<p style=\"text-align: justify;\"><strong>\u00cen perioada <span style=\"color: #ff0000;\">23 februarie \u2013 13 martie 2015<\/span> la \u0218coala Gimnazial\u0103 Vulcan au loc inscrierile \u00een clasele preg\u0103titoare <span style=\"color: #0000ff;\">pentru anul \u0219colar 2015-2016<\/span>, zilnic \u00eentre orele 09.00 \u2013 16.00 .<\/strong><\/p>\n<p style=\"text-align: justify;\"><strong>Extras din metodologia de inscriere \u00een \u00eenv\u0103\u021b\u0103m\u00e2ntul primar<\/strong><b> :<\/b><\/p>\n<p style=\"text-align: justify;\"><em><b><a href=\"https:\/\/scoalavulcanbrasov.info\/wp-content\/uploads\/2014\/01\/MOS-CRACIUN.jpg\"><img loading=\"lazy\" decoding=\"async\" class=\"alignleft size-thumbnail wp-image-404\" alt=\"MOS CRACIUN\" src=\"https:\/\/scoalavulcanbrasov.info\/wp-content\/uploads\/2014\/01\/MOS-CRACIUN-150x150.jpg\" width=\"150\" height=\"150\" srcset=\"https:\/\/scoalavulcanbrasov.info\/wp-content\/uploads\/2014\/01\/MOS-CRACIUN-150x150.jpg 150w, https:\/\/scoalavulcanbrasov.info\/wp-content\/uploads\/2014\/01\/MOS-CRACIUN-48x48.jpg 48w\" sizes=\"auto, (max-width: 150px) 100vw, 150px\" \/><\/a>Art. 5. <\/b>&#8211; (1) P\u0103rin\u021bii, ai c\u0103ror copii <b><span style=\"text-decoration: underline;\">\u00eemplinesc v\u00e2rsta de 6 ani<\/span><\/b><span style=\"text-decoration: underline;\"> <b>p\u00e2n\u0103 la data de 31 august 2015<\/b><\/span> inclusiv, au obliga\u021bia de a \u00eenscrie copiii \u00een \u00eenv\u0103\u021b\u0103m\u00e2ntul primar \u00een clasa preg\u0103titoare, \u00een conformitate cu prevederile legii \u0219i ale prezentei metodologii.<\/em><\/p>\n<p style=\"text-align: justify;\"><em>(2) Prin excep\u021bie de la prevederile alin. (1), pentru anul \u0219colar 2015-2016, p\u0103rin\u021bii, ai c\u0103ror copii nu au fost \u00eenscri\u0219i \u00een \u00eenv\u0103\u021b\u0103m\u00e2ntul primar \u00een anul \u0219colar 2014-2015 \u0219i <b><span style=\"text-decoration: underline;\">\u00eemplinesc v\u00e2rsta de 7 ani p\u00e2n\u0103 la data de 31 august 2015<\/span><\/b> inclusiv, pot \u00eenscrie, la cerere, copiii \u00een \u00eenv\u0103\u021b\u0103m\u00e2ntul primar, \u00een clasa I, \u00een conformitate cu prevederile prezentei metodologii.<\/em><\/p>\n<p style=\"text-align: justify;\">\u2026\u2026\u2026\u2026\u2026\u2026\u2026\u2026\u2026\u2026\u2026\u2026\u2026\u2026\u2026\u2026\u2026\u2026\u2026\u2026<\/p>\n<p style=\"text-align: justify;\"><em><b><a href=\"https:\/\/scoalavulcanbrasov.info\/wp-content\/uploads\/2015\/02\/10277877_384735441664684_1828817717749166411_n.jpg\"><img loading=\"lazy\" decoding=\"async\" class=\"alignright size-thumbnail wp-image-961\" alt=\"10277877_384735441664684_1828817717749166411_n\" src=\"https:\/\/scoalavulcanbrasov.info\/wp-content\/uploads\/2015\/02\/10277877_384735441664684_1828817717749166411_n-150x150.jpg\" width=\"150\" height=\"150\" srcset=\"https:\/\/scoalavulcanbrasov.info\/wp-content\/uploads\/2015\/02\/10277877_384735441664684_1828817717749166411_n-150x150.jpg 150w, https:\/\/scoalavulcanbrasov.info\/wp-content\/uploads\/2015\/02\/10277877_384735441664684_1828817717749166411_n-48x48.jpg 48w, https:\/\/scoalavulcanbrasov.info\/wp-content\/uploads\/2015\/02\/10277877_384735441664684_1828817717749166411_n-45x45.jpg 45w\" sizes=\"auto, (max-width: 150px) 100vw, 150px\" \/><\/a>Art. 6. <\/b>&#8211; (1) P\u0103rin\u021bii ai c\u0103ror copii \u00eemplinesc <b><span style=\"text-decoration: underline;\">v\u00e2rsta de 6 ani \u00een perioada 1 septembrie \u2013 31 decembrie 2015 inclusiv<\/span><\/b> pot s\u0103-\u0219i \u00eenscrie copiii \u00een \u00eenv\u0103\u021b\u0103m\u00e2ntul primar \u00een clasa preg\u0103titoare, dac\u0103 dezvoltarea lor psihosomatic\u0103 este corespunz\u0103toare.<\/em><\/p>\n<p style=\"text-align: justify;\"><em>(2) \u00censcrierea copiilor men\u021biona\u021bi la alin. (1) \u00een clasa preg\u0103titoare se face la solicitarea scris\u0103 a p\u0103rin\u021bilor, dac\u0103 evaluarea dezvolt\u0103rii psihosomatice a acestora, f\u0103cut\u0103 de speciali\u0219ti, atest\u0103 preg\u0103tirea copiilor pentru parcurgerea cu succes a clasei preg\u0103titoare.<\/em><\/p>\n<p style=\"text-align: justify;\"><em>(3) P\u0103rin\u021bii copiilor care <b><span style=\"text-decoration: underline;\">\u00eemplinesc v\u00e2rsta de 6 ani \u00een perioada 1 septembrie \u2013 31 decembrie 2015 inclusiv<\/span><\/b>, care nu opteaz\u0103 pentru \u00eenscrierea copiilor lor \u00een clasa preg\u0103titoare \u00een anul \u0219colar 2015-2016, sau ai celor pentru care evaluarea men\u021bionat\u0103 la alin. (2) arat\u0103 c\u0103 dezvoltarea psihosomatic\u0103 nu poate asigura parcurgerea cu succes a clasei preg\u0103titoare \u00ee\u0219i vor \u00eenscrie copiii la gr\u0103dini\u021b\u0103, \u00een grupa mare<\/em><\/p>\n<p style=\"text-align: justify;\"><a href=\"https:\/\/scoalavulcanbrasov.info\/wp-content\/uploads\/2014\/09\/linie-despartitor-5-final.jpg\"><img loading=\"lazy\" decoding=\"async\" class=\"alignleft size-full wp-image-930\" alt=\"linie despartitor-5-final\" src=\"https:\/\/scoalavulcanbrasov.info\/wp-content\/uploads\/2014\/09\/linie-despartitor-5-final.jpg\" width=\"654\" height=\"13\" srcset=\"https:\/\/scoalavulcanbrasov.info\/wp-content\/uploads\/2014\/09\/linie-despartitor-5-final.jpg 654w, https:\/\/scoalavulcanbrasov.info\/wp-content\/uploads\/2014\/09\/linie-despartitor-5-final-300x5.jpg 300w, https:\/\/scoalavulcanbrasov.info\/wp-content\/uploads\/2014\/09\/linie-despartitor-5-final-250x4.jpg 250w\" sizes=\"auto, (max-width: 654px) 100vw, 654px\" \/><\/a><\/p>\n<p style=\"text-align: justify;\"><strong>Calendarul \u0219i metodologia de \u00eenscriere poate fi consultat\u0103 aici :<\/strong><\/p>\n<ol style=\"text-align: justify;\">\n<li><span style=\"color: #0000ff;\"><strong>Metodologie inscriere invatamant primar 2015-2016<\/strong><\/span> [wpdm_package id=&#8217;967&#8242;]<\/li>\n<li><strong><span style=\"color: #0000ff;\">Calendarul inscrierii in invatamantul primar 2015-2016<\/span><\/strong> [wpdm_package id=&#8217;966&#8242;]<\/li>\n<\/ol>\n<p><a href=\"https:\/\/scoalavulcanbrasov.info\/wp-content\/uploads\/2014\/09\/linie-despartitor-5-final.jpg\"><img loading=\"lazy\" decoding=\"async\" class=\" wp-image-930 alignnone\" alt=\"linie despartitor-5-final\" src=\"https:\/\/scoalavulcanbrasov.info\/wp-content\/uploads\/2014\/09\/linie-despartitor-5-final.jpg\" width=\"654\" height=\"13\" srcset=\"https:\/\/scoalavulcanbrasov.info\/wp-content\/uploads\/2014\/09\/linie-despartitor-5-final.jpg 654w, https:\/\/scoalavulcanbrasov.info\/wp-content\/uploads\/2014\/09\/linie-despartitor-5-final-300x5.jpg 300w, https:\/\/scoalavulcanbrasov.info\/wp-content\/uploads\/2014\/09\/linie-despartitor-5-final-250x4.jpg 250w\" sizes=\"auto, (max-width: 654px) 100vw, 654px\" \/><\/a><\/p>\n<p><span style=\"color: #ff0000;\"><strong>NUM\u0102RUL DE LOCURI LIBERE 2015\/2016 &#8211; SCOALA GIMNAZIALA VULCAN<\/strong><\/span><\/p>\n<table border=\"0\" cellspacing=\"0\" cellpadding=\"0\">\n<tbody>\n<tr>\n<td style=\"text-align: center;\" valign=\"top\" width=\"326\"><strong>\u00a0<\/strong><\/p>\n<p align=\"center\"><strong>Clasa<\/strong><\/p>\n<\/td>\n<td style=\"text-align: center;\" valign=\"top\" width=\"102\"><strong><\/strong><strong>Scoala \/<\/strong><strong>Localitate<\/strong><\/td>\n<td style=\"text-align: center;\" valign=\"top\" width=\"72\"><strong>\u00a0<\/strong><strong>Tip predare<\/strong><\/td>\n<td style=\"text-align: center;\" valign=\"top\" width=\"61\"><strong>Limba de <\/strong><strong>predare<\/strong><\/td>\n<td style=\"text-align: center;\" valign=\"top\" width=\"58\"><strong>Nr. locuri <\/strong><strong>propuse<\/strong><\/td>\n<\/tr>\n<tr>\n<td valign=\"top\" width=\"326\">Clasa preg\u0103titoare<\/td>\n<td valign=\"top\" width=\"102\">Sc. Gimnazial\u0103 Vulcan<\/td>\n<td valign=\"top\" width=\"72\">Normal<\/td>\n<td valign=\"top\" width=\"61\">rom\u00e2n\u0103<\/td>\n<td valign=\"top\" width=\"58\">\n<p align=\"right\">2 clase\/ 50 locuri<\/p>\n<\/td>\n<\/tr>\n<tr>\n<td valign=\"top\" width=\"326\">Clasa I<\/td>\n<td valign=\"top\" width=\"102\">Sc. Gimnazial\u0103 Vulcan<\/td>\n<td valign=\"top\" width=\"72\">Normal<\/td>\n<td valign=\"top\" width=\"61\">Rom\u00e2n\u0103<\/td>\n<td valign=\"top\" width=\"58\">\n<p align=\"right\">12 locuri<\/p>\n<\/td>\n<\/tr>\n<\/tbody>\n<\/table>\n<p><img loading=\"lazy\" decoding=\"async\" class=\" wp-image-930 alignnone\" alt=\"linie despartitor-5-final\" src=\"https:\/\/scoalavulcanbrasov.info\/wp-content\/uploads\/2014\/09\/linie-despartitor-5-final.jpg\" width=\"654\" height=\"13\" srcset=\"https:\/\/scoalavulcanbrasov.info\/wp-content\/uploads\/2014\/09\/linie-despartitor-5-final.jpg 654w, https:\/\/scoalavulcanbrasov.info\/wp-content\/uploads\/2014\/09\/linie-despartitor-5-final-300x5.jpg 300w, https:\/\/scoalavulcanbrasov.info\/wp-content\/uploads\/2014\/09\/linie-despartitor-5-final-250x4.jpg 250w\" sizes=\"auto, (max-width: 654px) 100vw, 654px\" \/><\/p>\n<p><strong><span style=\"color: #ff0000;\">DOCUMENTE NECESARE :<\/span><br \/>\n<\/strong><\/p>\n<p style=\"text-align: justify;\"><strong>Extras art.14 din metodologie :<\/strong><\/p>\n<p style=\"text-align: justify;\">&#8230;&#8230;&#8230;&#8230;&#8230;&#8230;&#8230;&#8230;&#8230;&#8230;&#8230;&#8230;&#8230;&#8230;&#8230;&#8230;.<\/p>\n<p style=\"text-align: justify;\">(2) P\u0103rintele depune, \u00een momentul complet\u0103rii cererii \u2013 tip de \u00eenscriere la unitatea de \u00eenv\u0103\u021b\u0103m\u00e2nt, sau, dup\u0103 caz, \u00een momentul valid\u0103rii acesteia, o fotocopie a actului de identitate propriu \u0219i o fotocopie a certificatului de na\u0219tere al copilului. Copiile vor fi certificate conform cu originalul de c\u0103tre secretariatul unit\u0103\u021bii de \u00eenv\u0103\u021b\u0103m\u00e2nt, pe baza documentelor originale.<\/p>\n<p style=\"text-align: justify;\">(3) \u00cen cazul \u00een care cererea-tip de \u00eenscriere este completat\u0103 pentru un copil care \u00eempline\u0219te v\u00e2rsta de 6 ani \u00een perioada 1 septembrie \u2013 31 decembrie 2015 inclusiv, al\u0103turi de documentele men\u021bionate la alin. (2) p\u0103rintele depune \u0219i o copie a documentului prin care CJRAE\/CMBRAE comunic\u0103 rezultatul pozitiv al evalu\u0103rii dezvolt\u0103rii psihosomatice a copilului.<\/p>\n<p style=\"text-align: justify;\">(4) \u00cen cazul \u00een care solicit\u0103 \u00eenscrierea la alt\u0103 unitate de \u00eenv\u0103\u021b\u0103m\u00e2nt dec\u00e2t \u0219coala de circumscrip\u021bie, pe l\u00e2ng\u0103 documentele men\u021bionate la alin. (2) \u0219i, dup\u0103 caz, la alin. (3), p\u0103rin\u021bii depun \u0219i documente care dovedesc \u00eendeplinirea criteriilor de departajare, stabilite \u00een conformitate cu art. 10.<\/p>\n<p style=\"text-align: justify;\">(5) \u00cen cazul \u00een care solicit\u0103 \u00eenscrierea la alt\u0103 unitate de \u00eenv\u0103\u021b\u0103m\u00e2nt dec\u00e2t \u0219coala de circumscrip\u021bie, p\u0103rintele va men\u021biona, prin bifarea acestei op\u021biuni \u00een cererea-tip de \u00eenscriere, dac\u0103 este de acord cu \u00eenscrierea copilului la \u0219coala de circumscrip\u021bie, \u00een situa\u021bia \u00een care acesta nu va fi admis la \u0219coala solicitat\u0103, din lips\u0103 de locuri libere.<\/p>\n<p style=\"text-align: justify;\"><strong>Cazuri speciale :<\/strong><\/p>\n<p>&#8211; copie act de divort al p\u0103rin\u021bilor (unde este cazul)<\/p>\n<p>&#8211; act curatel\u0103 (de la prim\u0103rie) pentru elevii care se afl\u0103 \u00een \u00eengrijirea bunicilor sau al altor persoane (unde este cazul)<\/p>\n<p><span style=\"color: #0000ff;\">Mai multe detalii si relatii suplimentare veti putea ob\u021bine \u0219i la secretariatul scolii de luni pana vineri intre orele 08.00-16.00.<\/span><\/p>\n","protected":false},"excerpt":{"rendered":"<p>\u00cen perioada 23 februarie \u2013 13 martie 2015 la \u0218coala Gimnazial\u0103 Vulcan au loc inscrierile \u00een clasele preg\u0103titoare pentru anul \u0219colar 2015-2016, zilnic \u00eentre orele 09.00 \u2013 16.00 . Extras [&hellip;]<\/p>\n","protected":false},"author":1,"featured_media":0,"comment_status":"closed","ping_status":"closed","sticky":false,"template":"","format":"standard","meta":{"footnotes":""},"categories":[1],"tags":[],"class_list":["post-945","post","type-post","status-publish","format-standard","hentry","category-uncategorized","has_thumb"],"_links":{"self":[{"href":"https:\/\/scoalavulcanbrasov.info\/index.php?rest_route=\/wp\/v2\/posts\/945","targetHints":{"allow":["GET"]}}],"collection":[{"href":"https:\/\/scoalavulcanbrasov.info\/index.php?rest_route=\/wp\/v2\/posts"}],"about":[{"href":"https:\/\/scoalavulcanbrasov.info\/index.php?rest_route=\/wp\/v2\/types\/post"}],"author":[{"embeddable":true,"href":"https:\/\/scoalavulcanbrasov.info\/index.php?rest_route=\/wp\/v2\/users\/1"}],"replies":[{"embeddable":true,"href":"https:\/\/scoalavulcanbrasov.info\/index.php?rest_route=%2Fwp%2Fv2%2Fcomments&post=945"}],"version-history":[{"count":18,"href":"https:\/\/scoalavulcanbrasov.info\/index.php?rest_route=\/wp\/v2\/posts\/945\/revisions"}],"predecessor-version":[{"id":970,"href":"https:\/\/scoalavulcanbrasov.info\/index.php?rest_route=\/wp\/v2\/posts\/945\/revisions\/970"}],"wp:attachment":[{"href":"https:\/\/scoalavulcanbrasov.info\/index.php?rest_route=%2Fwp%2Fv2%2Fmedia&parent=945"}],"wp:term":[{"taxonomy":"category","embeddable":true,"href":"https:\/\/scoalavulcanbrasov.info\/index.php?rest_route=%2Fwp%2Fv2%2Fcategories&post=945"},{"taxonomy":"post_tag","embeddable":true,"href":"https:\/\/scoalavulcanbrasov.info\/index.php?rest_route=%2Fwp%2Fv2%2Ftags&post=945"}],"curies":[{"name":"wp","href":"https:\/\/api.w.org\/{rel}","templated":true}]}}