{"id":971,"date":"2015-02-16T11:06:08","date_gmt":"2015-02-16T09:06:08","guid":{"rendered":"http:\/\/scoalavulcanbrasov.info\/?p=971"},"modified":"2015-02-16T11:09:53","modified_gmt":"2015-02-16T09:09:53","slug":"acte-necesare-inscrieri-pentru-anul-scolar-2015-2016","status":"publish","type":"post","link":"https:\/\/scoalavulcanbrasov.info\/?p=971","title":{"rendered":"Acte necesare inscrieri pentru anul scolar 2015-2016"},"content":{"rendered":"<p style=\"text-align: justify;\"><strong><span style=\"text-decoration: underline;\"><img loading=\"lazy\" decoding=\"async\" class=\"size-full wp-image-972 alignleft\" alt=\"acte\" src=\"https:\/\/scoalavulcanbrasov.info\/wp-content\/uploads\/2015\/02\/acte.jpg\" width=\"128\" height=\"170\" \/><\/span><span style=\"color: #ff0000; font-size: 16px;\">1.<span style=\"font-size: 14px;\"> ACTE\u00a0 NECESARE\u00a0 \u00ceNSCRIERE \u00ceN\u00a0 CLASA\u00a0 PREG\u0102TITOARE \u0218I CLASA\u00a0 I AN \u0218COLAR 2015 &#8211; 2016<\/span><\/span><\/strong><\/p>\n<p style=\"text-align: justify;\"><b><\/b>&#8211; CERTIFICAT NA\u015eTERE COPIL \u2013 original \u0219i copie xerox;<\/p>\n<p style=\"text-align: justify;\">&#8211; C.I \/ BULETIN\u00a0 ALE P\u0102RIN\u021aILOR original \u0219i copie xerox;<\/p>\n<p style=\"text-align: justify;\">&#8211; ADEVERIN\u0162\u0102 TIP DE LA MEDICUL DE FAMILIE \u2013 APT PENTRU \u00ceNSCRIERE LA CLASA PREG\u0102TITOARE SAU CLASA I;<\/p>\n<p style=\"text-align: justify;\">&#8211;\u00a0\u00a0 EVALUAREA PSIHOSOMATIC\u0102 A COPIILOR CE URMEAZ\u0102 A\u00a0 FI \u00ceNSCRISI\u00a0 \u00ceN CLASA PREG\u0102TITOARE (copiii ce \u00eemplinesc 6 ani \u00een perioada 1 septembrie-31 decembrie 2015 inclusiv);<\/p>\n<p style=\"text-align: justify;\">&#8211;\u00a0\u00a0 EVALUAREA PSIHOSOMATIC\u0102 A COPIILOR CE URMEAZ\u0102 A\u00a0 FI \u00ceNSCRISI\u00a0 \u00ceN CLASA I \u00a0(copiii ce \u00eemplinesc 7 ani \u00een perioada 1 septembrie-31 decembrie 2015 inclusiv) ;<\/p>\n<p style=\"text-align: justify;\"><b><b>&#8211; <\/b>Alte documente care s\u0103 ateste: \u00eendeplinire a criteriilor generale \u0219i\/sau specifice(acolo unde este cazul calitatea de tutore, acte divor\u021b, certificat deces p\u0103rinte)<\/b><\/p>\n<p><a href=\"https:\/\/scoalavulcanbrasov.info\/wp-content\/uploads\/2014\/09\/linie-despartitor-5-final.jpg\"><img loading=\"lazy\" decoding=\"async\" class=\"alignright size-full wp-image-930\" alt=\"linie despartitor-5-final\" src=\"https:\/\/scoalavulcanbrasov.info\/wp-content\/uploads\/2014\/09\/linie-despartitor-5-final.jpg\" width=\"654\" height=\"13\" srcset=\"https:\/\/scoalavulcanbrasov.info\/wp-content\/uploads\/2014\/09\/linie-despartitor-5-final.jpg 654w, https:\/\/scoalavulcanbrasov.info\/wp-content\/uploads\/2014\/09\/linie-despartitor-5-final-300x5.jpg 300w, https:\/\/scoalavulcanbrasov.info\/wp-content\/uploads\/2014\/09\/linie-despartitor-5-final-250x4.jpg 250w\" sizes=\"auto, (max-width: 654px) 100vw, 654px\" \/><\/a><\/p>\n<p align=\"center\"><b><a href=\"https:\/\/scoalavulcanbrasov.info\/wp-content\/uploads\/2015\/01\/orar.jpg\"><img loading=\"lazy\" decoding=\"async\" class=\"alignright  wp-image-831\" alt=\"orar\" src=\"https:\/\/scoalavulcanbrasov.info\/wp-content\/uploads\/2015\/01\/orar.jpg\" width=\"130\" height=\"130\" srcset=\"https:\/\/scoalavulcanbrasov.info\/wp-content\/uploads\/2015\/01\/orar.jpg 1000w, https:\/\/scoalavulcanbrasov.info\/wp-content\/uploads\/2015\/01\/orar-150x150.jpg 150w, https:\/\/scoalavulcanbrasov.info\/wp-content\/uploads\/2015\/01\/orar-300x298.jpg 300w, https:\/\/scoalavulcanbrasov.info\/wp-content\/uploads\/2015\/01\/orar-250x250.jpg 250w, https:\/\/scoalavulcanbrasov.info\/wp-content\/uploads\/2015\/01\/orar-48x48.jpg 48w, https:\/\/scoalavulcanbrasov.info\/wp-content\/uploads\/2015\/01\/orar-45x45.jpg 45w\" sizes=\"auto, (max-width: 130px) 100vw, 130px\" \/><\/a><\/b><strong><span style=\"font-size: 16px; color: #ff0000;\">2. Calendarul \u00eenscrierii \u00een clasa preg\u0103titoare 2015-2016<\/span><\/strong><\/p>\n<p style=\"text-align: justify;\" align=\"center\">\u00a0<strong><i><span style=\"text-decoration: underline;\">Prima etap\u0103<\/span><\/i><\/strong><\/p>\n<p style=\"text-align: justify;\" align=\"center\">&#8211; <strong>17 februarie &#8211; 11martie<\/strong> : realizarea evalu\u0103rii nivelului de dezvoltare psihosomatic\u0103 pentru copiii ce\u00a0 \u00eemplinesc 6 ani \u00een perioada 1 septembrie-31 decembrie 2015 inclusiv;<\/p>\n<p style=\"text-align: justify;\">\u0218COALA GIMNAZIAL\u0102 NR. 3 CODLEA,STR. FREZIEI, NR. 4 &#8211; <span style=\"text-decoration: underline;\">D-NA POP DORINA<\/span><\/p>\n<p style=\"text-align: justify;\">Telefon(program\u0103ri) 0268251305<\/p>\n<p style=\"text-align: justify;\">&#8211; <strong>23 februarie &#8211; 13 martie<\/strong>:\u00a0 Completarea de c\u0103tre p\u0103rin\u021bi a cererilor-tip de \u00eenscriere;<\/p>\n<p style=\"text-align: justify;\">&#8211; <strong>20-21 martie 2015<\/strong>: Afi\u0219area \u00een unit\u0103\u021bile de \u00eenv\u0103\u021b\u0103m\u00e2nt \u0219i pe site-ul inspectoratului \u0219colar \u0219i al unit\u0103\u021bilor de \u00eenv\u0103\u021b\u0103m\u00e2nt a candida\u021bilor \u00eenmatricula\u021bi, a num\u0103rului de locuri r\u0103mase libere \u0219i a listei copiilor ne\u00eenscri\u0219i dup\u0103 prima etap\u0103.<\/p>\n<p style=\"text-align: justify;\" align=\"center\"><strong>\u00a0<i><span style=\"text-decoration: underline;\">A doua etap\u0103 de \u00eenscriere \u00een clasa preg\u0103titoa<\/span><\/i><i><span style=\"text-decoration: underline;\">re<\/span><\/i><\/strong><\/p>\n<p style=\"text-align: justify;\"><b>\u00a0<b>&#8211; <\/b><\/b><strong>23 martie 2015<\/strong> : Comunicarea, prin afi\u0219are la unit\u0103\u021bile de \u00eenv\u0103\u021b\u0103m\u00e2nt \u0219i pe site-ul inspectoratului, a procedurii specifice de repartizare a copiilor pe locurile disponibile, elaborat\u0103 de inspectoratul \u0219colar.<\/p>\n<p style=\"text-align: justify;\">&#8211; <strong>24 martie \u2013 03 aprilie 2015<\/strong>: \u00a0\u00a0Completarea a cererilor-tip de \u00eenscriere de c\u0103tre p\u0103rin\u021bii copiilor care nu au fost cuprin\u0219i \u00een nicio unitate de \u00eenv\u0103\u021b\u0103m\u00e2nt \u00een etapa anterioar\u0103 sau care nu au participat la prima etap\u0103.<\/p>\n<p style=\"text-align: justify;\"><b>&#8211; <\/b><strong>10 aprilie 2015<\/strong><b>: <\/b>Afi\u0219area la fiecare unitate de \u00eenv\u0103\u021b\u0103m\u00e2nt a listelor finale ale copiilor \u00eenscri\u0219i \u00een clasa preg\u0103titoare.<\/p>\n<p align=\"center\"><a href=\"https:\/\/scoalavulcanbrasov.info\/wp-content\/uploads\/2014\/09\/linie-despartitor-5-final.jpg\"><img loading=\"lazy\" decoding=\"async\" class=\"alignright size-full wp-image-930\" alt=\"linie despartitor-5-final\" src=\"https:\/\/scoalavulcanbrasov.info\/wp-content\/uploads\/2014\/09\/linie-despartitor-5-final.jpg\" width=\"654\" height=\"13\" srcset=\"https:\/\/scoalavulcanbrasov.info\/wp-content\/uploads\/2014\/09\/linie-despartitor-5-final.jpg 654w, https:\/\/scoalavulcanbrasov.info\/wp-content\/uploads\/2014\/09\/linie-despartitor-5-final-300x5.jpg 300w, https:\/\/scoalavulcanbrasov.info\/wp-content\/uploads\/2014\/09\/linie-despartitor-5-final-250x4.jpg 250w\" sizes=\"auto, (max-width: 654px) 100vw, 654px\" \/><\/a><\/p>\n<p align=\"center\"><span style=\"color: #ff0000; font-size: 16px;\"><strong>3. Calendarul \u00eenscrierii \u00een clasa I a copiilor de 7 ani care nu au fost \u00eenscri\u0219i \u00een \u00eenv\u0103\u021b\u0103m\u00e2ntul primar \u00een anul \u0219colar 2014-2015 \u0219i ai c\u0103ror p\u0103rin\u021bi solicit\u0103 \u00eenscrierea direct \u00een clasa I<\/strong><\/span><\/p>\n<p style=\"text-align: justify;\">&#8211; <strong>23 februarie \u2013 13 martie 2015<\/strong>: Depunerea cererilor de \u00eenscriere de c\u0103tre p\u0103rin\u021bii care solicit\u0103 \u00eenscrierea copilului, la secretariatul Scolii Gimnaziale Vulcan.<\/p>\n<p style=\"text-align: justify;\"><b>&#8211; <\/b><strong>16 \u2013 20 martie 2015<\/strong>: Solu\u021bionarea de c\u0103tre unit\u0103\u021bile de \u00eenv\u0103\u021b\u0103m\u00e2nt \u0219i, dup\u0103 caz, cu acordul inspectoratelor \u0219colare jude\u021bene\/Inspectoratului \u0218colar al Municipiului Bucure\u0219ti pentru suplimentarea num\u0103rului de locuri\/clase, a cererilor de \u00eenscriere depuse de c\u0103tre p\u0103rin\u021bii care solicit\u0103 \u00eenscrierea copiilor la \u0219coala de circumscrip\u021bie, prin aplicarea prevederilor Metodologiei de \u00eenscriere a copiilor \u00een \u00eenv\u0103\u021b\u0103m\u00e2ntul primar pentru anul \u0219colar 2015-2016, prev\u0103zut\u0103 \u00een anexa nr. 2 la ordin.<\/p>\n<p style=\"text-align: justify;\"><b>&#8211;<\/b> <strong>23 martie \u2013 03 aprilie 2015<\/strong>: Depunerea cererilor de \u00eenscriere, de c\u0103tre p\u0103rin\u021bii care solicit\u0103 \u00eenscrierea \u00een alt\u0103 unitate de \u00eenv\u0103\u021b\u0103m\u00e2nt dec\u00e2t \u0219coala de circumscrip\u021bie, la unitatea de \u00eenv\u0103\u021b\u0103m\u00e2nt la care solicit\u0103 \u00eenscrierea.<\/p>\n<p style=\"text-align: justify;\"><b>&#8211; <\/b><strong>10 aprilie 2015<\/strong><b>:<b> <\/b><\/b>Afi\u0219area la fiecare unitate de \u00eenv\u0103\u021b\u0103m\u00e2nt a listelor finale ale copiilor \u00eenscri\u0219i \u00een clasa I<\/p>\n<p style=\"text-align: justify;\" align=\"center\"><b>&#8211; <\/b><strong>17 februarie &#8211; 11 martie<\/strong> <span style=\"text-decoration: underline;\">EVALUAREA PSIHOSOMATIC\u0102<\/span> : \u0218COALA GIMNAZIAL\u0102 NR. 3 CODLEA, STR. FREZIEI, NR. 4 &#8211; D-NA POP DORINA\u00a0 &#8211; Telefon(program\u0103ri) 0268251305<\/p>\n","protected":false},"excerpt":{"rendered":"<p>1. ACTE\u00a0 NECESARE\u00a0 \u00ceNSCRIERE \u00ceN\u00a0 CLASA\u00a0 PREG\u0102TITOARE \u0218I CLASA\u00a0 I AN \u0218COLAR 2015 &#8211; 2016 &#8211; CERTIFICAT NA\u015eTERE COPIL \u2013 original \u0219i copie xerox; &#8211; C.I \/ BULETIN\u00a0 ALE P\u0102RIN\u021aILOR [&hellip;]<\/p>\n","protected":false},"author":1,"featured_media":0,"comment_status":"closed","ping_status":"closed","sticky":false,"template":"","format":"standard","meta":{"footnotes":""},"categories":[1],"tags":[],"class_list":["post-971","post","type-post","status-publish","format-standard","hentry","category-uncategorized","has_thumb"],"_links":{"self":[{"href":"https:\/\/scoalavulcanbrasov.info\/index.php?rest_route=\/wp\/v2\/posts\/971","targetHints":{"allow":["GET"]}}],"collection":[{"href":"https:\/\/scoalavulcanbrasov.info\/index.php?rest_route=\/wp\/v2\/posts"}],"about":[{"href":"https:\/\/scoalavulcanbrasov.info\/index.php?rest_route=\/wp\/v2\/types\/post"}],"author":[{"embeddable":true,"href":"https:\/\/scoalavulcanbrasov.info\/index.php?rest_route=\/wp\/v2\/users\/1"}],"replies":[{"embeddable":true,"href":"https:\/\/scoalavulcanbrasov.info\/index.php?rest_route=%2Fwp%2Fv2%2Fcomments&post=971"}],"version-history":[{"count":5,"href":"https:\/\/scoalavulcanbrasov.info\/index.php?rest_route=\/wp\/v2\/posts\/971\/revisions"}],"predecessor-version":[{"id":977,"href":"https:\/\/scoalavulcanbrasov.info\/index.php?rest_route=\/wp\/v2\/posts\/971\/revisions\/977"}],"wp:attachment":[{"href":"https:\/\/scoalavulcanbrasov.info\/index.php?rest_route=%2Fwp%2Fv2%2Fmedia&parent=971"}],"wp:term":[{"taxonomy":"category","embeddable":true,"href":"https:\/\/scoalavulcanbrasov.info\/index.php?rest_route=%2Fwp%2Fv2%2Fcategories&post=971"},{"taxonomy":"post_tag","embeddable":true,"href":"https:\/\/scoalavulcanbrasov.info\/index.php?rest_route=%2Fwp%2Fv2%2Ftags&post=971"}],"curies":[{"name":"wp","href":"https:\/\/api.w.org\/{rel}","templated":true}]}}