{"id":983,"date":"2015-02-20T13:40:01","date_gmt":"2015-02-20T11:40:01","guid":{"rendered":"http:\/\/scoalavulcanbrasov.info\/?p=983"},"modified":"2015-02-20T13:40:01","modified_gmt":"2015-02-20T11:40:01","slug":"scoala-ne-imprieteneste","status":"publish","type":"post","link":"https:\/\/scoalavulcanbrasov.info\/?p=983","title":{"rendered":"Scoala ne imprietene\u0219te"},"content":{"rendered":"<p style=\"text-align: justify;\">Acesta este titlul activit\u0103\u021bii nonformale din cadrul proiectului CIVIS, in care \u0219coala noastr\u0103 este partener\u0103, care se va desf\u0103\u0219ura \u00een \u0219coala noastr\u0103 marti 24.02.2015, incepand cu orele 12.00,<\/p>\n<p style=\"text-align: justify;\">Activitatea face parte din Caravana Civis si este organizat\u0103 in colaborare cu radio-televiziunea NOVA TV. Emisiunea va fi televizata si va putea fi urm\u0103rit\u0103 pe postul de televiziune partener.<\/p>\n<p>\u00a0<a href=\"https:\/\/scoalavulcanbrasov.info\/wp-content\/uploads\/2015\/02\/NOVA-TV.jpg\"><img loading=\"lazy\" decoding=\"async\" class=\"size-full wp-image-984 aligncenter\" alt=\"NOVA TV\" src=\"https:\/\/scoalavulcanbrasov.info\/wp-content\/uploads\/2015\/02\/NOVA-TV.jpg\" width=\"359\" height=\"140\" srcset=\"https:\/\/scoalavulcanbrasov.info\/wp-content\/uploads\/2015\/02\/NOVA-TV.jpg 359w, https:\/\/scoalavulcanbrasov.info\/wp-content\/uploads\/2015\/02\/NOVA-TV-300x116.jpg 300w, https:\/\/scoalavulcanbrasov.info\/wp-content\/uploads\/2015\/02\/NOVA-TV-250x97.jpg 250w\" sizes=\"auto, (max-width: 359px) 100vw, 359px\" \/><\/a><\/p>\n<p><a href=\"https:\/\/scoalavulcanbrasov.info\/wp-content\/uploads\/2014\/09\/logio-civis.png\"><img loading=\"lazy\" decoding=\"async\" class=\"alignright size-full wp-image-710\" alt=\"logio civis\" src=\"https:\/\/scoalavulcanbrasov.info\/wp-content\/uploads\/2014\/09\/logio-civis.png\" width=\"994\" height=\"206\" srcset=\"https:\/\/scoalavulcanbrasov.info\/wp-content\/uploads\/2014\/09\/logio-civis.png 994w, https:\/\/scoalavulcanbrasov.info\/wp-content\/uploads\/2014\/09\/logio-civis-300x62.png 300w, https:\/\/scoalavulcanbrasov.info\/wp-content\/uploads\/2014\/09\/logio-civis-250x51.png 250w\" sizes=\"auto, (max-width: 994px) 100vw, 994px\" \/><\/a><\/p>\n<p>&nbsp;<\/p>\n","protected":false},"excerpt":{"rendered":"<p>Acesta este titlul activit\u0103\u021bii nonformale din cadrul proiectului CIVIS, in care \u0219coala noastr\u0103 este partener\u0103, care se va desf\u0103\u0219ura \u00een \u0219coala noastr\u0103 marti 24.02.2015, incepand cu orele 12.00, Activitatea face [&hellip;]<\/p>\n","protected":false},"author":1,"featured_media":0,"comment_status":"closed","ping_status":"closed","sticky":false,"template":"","format":"standard","meta":{"footnotes":""},"categories":[1],"tags":[],"class_list":["post-983","post","type-post","status-publish","format-standard","hentry","category-uncategorized","has_thumb"],"_links":{"self":[{"href":"https:\/\/scoalavulcanbrasov.info\/index.php?rest_route=\/wp\/v2\/posts\/983","targetHints":{"allow":["GET"]}}],"collection":[{"href":"https:\/\/scoalavulcanbrasov.info\/index.php?rest_route=\/wp\/v2\/posts"}],"about":[{"href":"https:\/\/scoalavulcanbrasov.info\/index.php?rest_route=\/wp\/v2\/types\/post"}],"author":[{"embeddable":true,"href":"https:\/\/scoalavulcanbrasov.info\/index.php?rest_route=\/wp\/v2\/users\/1"}],"replies":[{"embeddable":true,"href":"https:\/\/scoalavulcanbrasov.info\/index.php?rest_route=%2Fwp%2Fv2%2Fcomments&post=983"}],"version-history":[{"count":1,"href":"https:\/\/scoalavulcanbrasov.info\/index.php?rest_route=\/wp\/v2\/posts\/983\/revisions"}],"predecessor-version":[{"id":985,"href":"https:\/\/scoalavulcanbrasov.info\/index.php?rest_route=\/wp\/v2\/posts\/983\/revisions\/985"}],"wp:attachment":[{"href":"https:\/\/scoalavulcanbrasov.info\/index.php?rest_route=%2Fwp%2Fv2%2Fmedia&parent=983"}],"wp:term":[{"taxonomy":"category","embeddable":true,"href":"https:\/\/scoalavulcanbrasov.info\/index.php?rest_route=%2Fwp%2Fv2%2Fcategories&post=983"},{"taxonomy":"post_tag","embeddable":true,"href":"https:\/\/scoalavulcanbrasov.info\/index.php?rest_route=%2Fwp%2Fv2%2Ftags&post=983"}],"curies":[{"name":"wp","href":"https:\/\/api.w.org\/{rel}","templated":true}]}}